{"id":398,"date":"2013-07-04T22:15:00","date_gmt":"2013-07-04T21:15:00","guid":{"rendered":"http:\/\/www.pl-visit.net\/wordpress\/?p=398"},"modified":"2020-11-08T17:48:56","modified_gmt":"2020-11-08T15:48:56","slug":"ihk-ehrenmedaille-fur-drei-streifen","status":"publish","type":"post","link":"https:\/\/www.pl-visit.net\/wordpress\/?p=398","title":{"rendered":"IHK-Ehrenmedaille f\u00fcr drei Streifen"},"content":{"rendered":"<p><a href=\"https:\/\/www.pl-visit.net\/wordpress\/wp-content\/uploads\/2013\/07\/Beckenbauer-Leich-Ullrich_bayernpress.jpg\"><img loading=\"lazy\" decoding=\"async\" class=\"alignnone size-medium wp-image-399\" src=\"https:\/\/www.pl-visit.net\/wordpress\/wp-content\/uploads\/2013\/07\/Beckenbauer-Leich-Ullrich_bayernpress-300x207.jpg\" alt=\"Beckenbauer-Leich-Ullrich_bayernpress\" width=\"300\" height=\"207\" srcset=\"https:\/\/www.pl-visit.net\/wordpress\/wp-content\/uploads\/2013\/07\/Beckenbauer-Leich-Ullrich_bayernpress-300x207.jpg 300w, https:\/\/www.pl-visit.net\/wordpress\/wp-content\/uploads\/2013\/07\/Beckenbauer-Leich-Ullrich_bayernpress-1024x709.jpg 1024w, https:\/\/www.pl-visit.net\/wordpress\/wp-content\/uploads\/2013\/07\/Beckenbauer-Leich-Ullrich_bayernpress-433x300.jpg 433w, https:\/\/www.pl-visit.net\/wordpress\/wp-content\/uploads\/2013\/07\/Beckenbauer-Leich-Ullrich_bayernpress.jpg 1200w\" sizes=\"auto, (max-width: 300px) 100vw, 300px\" \/><\/a><br \/>\nBei einem Festakt kann man auch b\u00f6se \u00dcberraschungen erleben, doch der <a href=\"http:\/\/www.ihk-nuernberg.de\/de\/wir-ueber-uns\/ihk-jahresempfang-2013.html\" target=\"_blank\" rel=\"noopener noreferrer\">IHK-Jahresempfang 2013<\/a> war straff konzipiert, von BR-Moderatorin <a href=\"http:\/\/www.br.de\/fernsehen\/bayerisches-fernsehen\/sendungen\/muenchner-runde\/Moderatoren-Ursula-Heller100.html\" target=\"_blank\" rel=\"noopener noreferrer\">Ursula Heller<\/a> flott moderiert und mit Starg\u00e4sten besetzt. Bei seiner Einf\u00fchrung im historischen Rathaussaal erinnerte Kammerpr\u00e4sident <a href=\"https:\/\/www.ihk-nuernberg.de\/de\/Kontakt\/Ansprechpartner_Details.jsp?id=454\" target=\"_blank\" rel=\"noopener noreferrer\">Dirk von Vopelius <\/a>an die Goldene Bulle mit der Verpflichtung den ersten Reichstag eines Kaisers in N\u00fcrnberg abzuhalten und begr\u00fc\u00dfte damit Franz Beckenbauer. Den hatte adidas-Vorstandsvorsitzender Herbert Hainer gewisserma\u00dfen mitgebracht anl\u00e4sslich seiner W\u00fcrdigung f\u00fcr hervorragende Verdienste um die mittelfr\u00e4nkische Wirtschaft. Als dienst\u00e4ltester Chef eines DAX-30-Unternehmens ist Hainer Herr \u00fcber weltweit 46 000 Mitarbeiter, die 14,9 Mrd. \u20ac umsetzen. Da das Unternehmen bei den Arbeitsbedingungen \u00f6ffentlicher Beobachtung ausgesetzt ist, werden zunehmend Schutzinstanzen aufgebaut. Hohe Investitionen von an die 100 Mio. \u20ac in die Region und eine exzellente Gesch\u00e4ftsentwicklung waren wohl weitere Gr\u00fcnde f\u00fcr die h\u00f6chste Auszeichnung der IHK.<\/p>\n<p>Anschlie\u00dfend konnte Prof. Dr. Martin Ullrich (im Foto rechts) eine F\u00f6rderspende der IHK-Kulturstiftung f\u00fcr die <a href=\"http:\/\/www.hfm-nuernberg.de\/hochschule\/\" target=\"_blank\" rel=\"noopener noreferrer\">Hochschule f\u00fcr Musik N\u00fcrnberg<\/a> entgegennehmen. Mit Ullrichs Amtsantritt erf\u00e4hrt die Hochschule eine zunehmende Wahrnehmung. Seit 2011 ist er auch Vorsitzender der Rektorenkonferenz der deutschen Musikhochschulen.<\/p>\n<p>Der Beste war aber nat\u00fcrlich der Kaiser, der vor Jahren bei der <a href=\"http:\/\/www.theatersport-wm.de\/wm\/index.html\" target=\"_blank\" rel=\"noopener noreferrer\">Theatersport WM<\/a> zur FIFA WM 2006 behilflich war (und dem im Foto daf\u00fcr gedankt wird) und dessen Anekdoten und Kommentare man stets mit Genuss h\u00f6ren kann wie die, wonach es an einer \u201eWatschn\u201c lag, dass Beckenbauer nicht zu TSV 1860 M\u00fcnchen ging, sondern zu dem anderen M\u00fcnchner Verein, der sonst nur acht Deutsche Meisterschaften errungen h\u00e4tte. (Foto: Udo Dreier\/bayernpress)<\/p>\n","protected":false},"excerpt":{"rendered":"<p>Bei einem Festakt kann man auch b\u00f6se \u00dcberraschungen erleben, doch der IHK-Jahresempfang 2013 war straff konzipiert, von BR-Moderatorin Ursula Heller flott moderiert und mit Starg\u00e4sten besetzt. Bei seiner Einf\u00fchrung im historischen Rathaussaal erinnerte Kammerpr\u00e4sident Dirk von Vopelius an die Goldene &hellip; <a href=\"https:\/\/www.pl-visit.net\/wordpress\/?p=398\">Weiterlesen <span class=\"meta-nav\">&rarr;<\/span><\/a><\/p>\n","protected":false},"author":1,"featured_media":399,"comment_status":"open","ping_status":"open","sticky":false,"template":"","format":"standard","meta":{"footnotes":""},"categories":[39],"tags":[99,100,98],"class_list":["post-398","post","type-post","status-publish","format-standard","has-post-thumbnail","hentry","category-hochschulen","tag-beckenbauer","tag-hainer","tag-ihk-ehrenmedaille"],"_links":{"self":[{"href":"https:\/\/www.pl-visit.net\/wordpress\/index.php?rest_route=\/wp\/v2\/posts\/398","targetHints":{"allow":["GET"]}}],"collection":[{"href":"https:\/\/www.pl-visit.net\/wordpress\/index.php?rest_route=\/wp\/v2\/posts"}],"about":[{"href":"https:\/\/www.pl-visit.net\/wordpress\/index.php?rest_route=\/wp\/v2\/types\/post"}],"author":[{"embeddable":true,"href":"https:\/\/www.pl-visit.net\/wordpress\/index.php?rest_route=\/wp\/v2\/users\/1"}],"replies":[{"embeddable":true,"href":"https:\/\/www.pl-visit.net\/wordpress\/index.php?rest_route=%2Fwp%2Fv2%2Fcomments&post=398"}],"version-history":[{"count":10,"href":"https:\/\/www.pl-visit.net\/wordpress\/index.php?rest_route=\/wp\/v2\/posts\/398\/revisions"}],"predecessor-version":[{"id":586,"href":"https:\/\/www.pl-visit.net\/wordpress\/index.php?rest_route=\/wp\/v2\/posts\/398\/revisions\/586"}],"wp:featuredmedia":[{"embeddable":true,"href":"https:\/\/www.pl-visit.net\/wordpress\/index.php?rest_route=\/wp\/v2\/media\/399"}],"wp:attachment":[{"href":"https:\/\/www.pl-visit.net\/wordpress\/index.php?rest_route=%2Fwp%2Fv2%2Fmedia&parent=398"}],"wp:term":[{"taxonomy":"category","embeddable":true,"href":"https:\/\/www.pl-visit.net\/wordpress\/index.php?rest_route=%2Fwp%2Fv2%2Fcategories&post=398"},{"taxonomy":"post_tag","embeddable":true,"href":"https:\/\/www.pl-visit.net\/wordpress\/index.php?rest_route=%2Fwp%2Fv2%2Ftags&post=398"}],"curies":[{"name":"wp","href":"https:\/\/api.w.org\/{rel}","templated":true}]}}