{"id":357,"date":"2013-05-16T20:00:59","date_gmt":"2013-05-16T19:00:59","guid":{"rendered":"http:\/\/www.pl-visit.net\/wordpress\/?p=357"},"modified":"2020-11-08T17:54:13","modified_gmt":"2020-11-08T15:54:13","slug":"wiso-bei-wissenschaftsnacht","status":"publish","type":"post","link":"https:\/\/www.pl-visit.net\/wordpress\/?p=357","title":{"rendered":"WiSo bei Wissenschaftsnacht"},"content":{"rendered":"<p><a href=\"https:\/\/www.pl-visit.net\/wordpress\/wp-content\/uploads\/2013\/06\/Hartmann-Gatzert-Lades-Leich-vLoeffelholz.jpg\"><img loading=\"lazy\" decoding=\"async\" class=\"alignnone size-medium wp-image-358\" title=\"Hartmann-Gatzert-Lades-Leich-vLoeffelholz\" src=\"https:\/\/www.pl-visit.net\/wordpress\/wp-content\/uploads\/2013\/06\/Hartmann-Gatzert-Lades-Leich-vLoeffelholz-228x300.jpg\" alt=\"\" width=\"228\" height=\"300\" srcset=\"https:\/\/www.pl-visit.net\/wordpress\/wp-content\/uploads\/2013\/06\/Hartmann-Gatzert-Lades-Leich-vLoeffelholz-228x300.jpg 228w, https:\/\/www.pl-visit.net\/wordpress\/wp-content\/uploads\/2013\/06\/Hartmann-Gatzert-Lades-Leich-vLoeffelholz-779x1024.jpg 779w, https:\/\/www.pl-visit.net\/wordpress\/wp-content\/uploads\/2013\/06\/Hartmann-Gatzert-Lades-Leich-vLoeffelholz.jpg 1200w\" sizes=\"auto, (max-width: 228px) 100vw, 228px\" \/><\/a><br \/>\nEigentlich hei\u00dft es ja Fachbereich Wirtschaftswissenschaften in der Rechts- und Wirtschaftswissenschaftliche Fakult\u00e4t der Friedrich-Alexander-Universit\u00e4t Erlangen-N\u00fcrnberg, aber letztlich sprachen alle nur von der <a href=\"http:\/\/blogs.fau.de\/wiwi\/2013\/05\/21\/auftakt-zur-lange-nacht-der-wissenschaften-2013\/\" target=\"_blank\" rel=\"noopener noreferrer\">WiSo<\/a>. Deren Forschungsdekanin Prof. Dr. <a href=\"https:\/\/www.vwrm.rw.fau.de\/team\/prof-dr-nadine-gatzert\/\" target=\"_blank\" rel=\"noopener noreferrer\">Nadine Gatzert<\/a> (im Foto 2.) hatte Lehrst\u00fchle und G\u00e4ste zu einem Vorbereitungstreffen f\u00fcr die 6. <a href=\"http:\/\/www.nacht-der-wissenschaften.de\" target=\"_blank\" rel=\"noopener noreferrer\">Lange Nacht der Wissenschaften<\/a> eingeladen.<\/p>\n<p>Als Besonderheit pr\u00e4sentieren sich nicht nur die Uni-Lehrst\u00fchle und das <a href=\"http:\/\/www.iab.de\" target=\"_blank\" rel=\"noopener noreferrer\">IAB<\/a>, sondern auch Einrichtungen wie das <a href=\"http:\/\/www.bamf.de\" target=\"_blank\" rel=\"noopener noreferrer\">Bundesamt f\u00fcr Migration und Fl\u00fcchtlinge<\/a> (im Foto rechts der Leiter der wirtschaftswissenschaftlichen Migrationsforschung Dr. Hans Dietrich von Loeffelholz), <a href=\"http:\/\/www.amnesty-1494.de\" target=\"_blank\" rel=\"noopener noreferrer\">Amnesty International<\/a>, das N\u00fcrnberger <a href=\"http:\/\/www.menschenrechte.nuernberg.de\" target=\"_blank\" rel=\"noopener noreferrer\">Menschenrechtsb\u00fcro<\/a>, das Menschenrechtszentrum und das Hohe Fl\u00fcchtlingskommissat der Vereinten Nationen <a href=\"http:\/\/www.unhcr.de\/unhcr\/in-deutschland.html\" target=\"_blank\" rel=\"noopener noreferrer\">UNHCR<\/a>.<\/p>\n<p>Zu Gast sein werden wie schon vor zwei Jahren auch die Sponsoren <a href=\"http:\/\/www.gfk.com\" target=\"_blank\" rel=\"noopener noreferrer\">GfK <\/a>Verein (im Foto in der Mitte Presseleiterin Sandra Lades), <a href=\"http:\/\/www.pwc.de\/de\/standorte\/nuernberg.jhtml\" target=\"_blank\" rel=\"noopener noreferrer\">PricewaterhouseCoopers <\/a>(links Niederlassungsleiter Thomas Hartmann) und die <a href=\"http:\/\/www.nuernberger.de\/\" target=\"_blank\" rel=\"noopener noreferrer\">N\u00dcRNBERGER <\/a>Versicherungsgruppe. (Foto: Verena Lindner)<\/p>\n","protected":false},"excerpt":{"rendered":"<p>Eigentlich hei\u00dft es ja Fachbereich Wirtschaftswissenschaften in der Rechts- und Wirtschaftswissenschaftliche Fakult\u00e4t der Friedrich-Alexander-Universit\u00e4t Erlangen-N\u00fcrnberg, aber letztlich sprachen alle nur von der WiSo. Deren Forschungsdekanin Prof. Dr. Nadine Gatzert (im Foto 2.) hatte Lehrst\u00fchle und G\u00e4ste zu einem Vorbereitungstreffen f\u00fcr &hellip; <a href=\"https:\/\/www.pl-visit.net\/wordpress\/?p=357\">Weiterlesen <span class=\"meta-nav\">&rarr;<\/span><\/a><\/p>\n","protected":false},"author":1,"featured_media":0,"comment_status":"open","ping_status":"open","sticky":false,"template":"","format":"standard","meta":{"footnotes":""},"categories":[39,29],"tags":[94,95],"class_list":["post-357","post","type-post","status-publish","format-standard","hentry","category-hochschulen","category-wissenschaft","tag-die-lange-nacht-der-wissenschaften-nurnbergfurtherlangen","tag-wiso"],"_links":{"self":[{"href":"https:\/\/www.pl-visit.net\/wordpress\/index.php?rest_route=\/wp\/v2\/posts\/357","targetHints":{"allow":["GET"]}}],"collection":[{"href":"https:\/\/www.pl-visit.net\/wordpress\/index.php?rest_route=\/wp\/v2\/posts"}],"about":[{"href":"https:\/\/www.pl-visit.net\/wordpress\/index.php?rest_route=\/wp\/v2\/types\/post"}],"author":[{"embeddable":true,"href":"https:\/\/www.pl-visit.net\/wordpress\/index.php?rest_route=\/wp\/v2\/users\/1"}],"replies":[{"embeddable":true,"href":"https:\/\/www.pl-visit.net\/wordpress\/index.php?rest_route=%2Fwp%2Fv2%2Fcomments&post=357"}],"version-history":[{"count":7,"href":"https:\/\/www.pl-visit.net\/wordpress\/index.php?rest_route=\/wp\/v2\/posts\/357\/revisions"}],"predecessor-version":[{"id":589,"href":"https:\/\/www.pl-visit.net\/wordpress\/index.php?rest_route=\/wp\/v2\/posts\/357\/revisions\/589"}],"wp:attachment":[{"href":"https:\/\/www.pl-visit.net\/wordpress\/index.php?rest_route=%2Fwp%2Fv2%2Fmedia&parent=357"}],"wp:term":[{"taxonomy":"category","embeddable":true,"href":"https:\/\/www.pl-visit.net\/wordpress\/index.php?rest_route=%2Fwp%2Fv2%2Fcategories&post=357"},{"taxonomy":"post_tag","embeddable":true,"href":"https:\/\/www.pl-visit.net\/wordpress\/index.php?rest_route=%2Fwp%2Fv2%2Ftags&post=357"}],"curies":[{"name":"wp","href":"https:\/\/api.w.org\/{rel}","templated":true}]}}