{"id":309,"date":"2013-03-04T16:00:24","date_gmt":"2013-03-04T15:00:24","guid":{"rendered":"http:\/\/www.pl-visit.net\/wordpress\/?p=309"},"modified":"2013-04-04T21:20:19","modified_gmt":"2013-04-04T20:20:19","slug":"energie-campus-eroffnet","status":"publish","type":"post","link":"https:\/\/www.pl-visit.net\/wordpress\/?p=309","title":{"rendered":"Energie Campus er\u00f6ffnet"},"content":{"rendered":"<p><a href=\"https:\/\/www.pl-visit.net\/wordpress\/wp-content\/uploads\/2013\/04\/EnCN-Eroeffnung-Zeil-Gabriel-Heubisch-Leich_Fuchs.jpg\"><img loading=\"lazy\" decoding=\"async\" class=\"alignnone size-medium wp-image-310\" title=\"EnCN-Eroeffnung-Zeil-Gabriel-Heubisch-Leich_Fuchs\" src=\"https:\/\/www.pl-visit.net\/wordpress\/wp-content\/uploads\/2013\/04\/EnCN-Eroeffnung-Zeil-Gabriel-Heubisch-Leich_Fuchs-300x207.jpg\" alt=\"\" width=\"300\" height=\"207\" srcset=\"https:\/\/www.pl-visit.net\/wordpress\/wp-content\/uploads\/2013\/04\/EnCN-Eroeffnung-Zeil-Gabriel-Heubisch-Leich_Fuchs-300x207.jpg 300w, https:\/\/www.pl-visit.net\/wordpress\/wp-content\/uploads\/2013\/04\/EnCN-Eroeffnung-Zeil-Gabriel-Heubisch-Leich_Fuchs-1024x706.jpg 1024w, https:\/\/www.pl-visit.net\/wordpress\/wp-content\/uploads\/2013\/04\/EnCN-Eroeffnung-Zeil-Gabriel-Heubisch-Leich_Fuchs-434x300.jpg 434w, https:\/\/www.pl-visit.net\/wordpress\/wp-content\/uploads\/2013\/04\/EnCN-Eroeffnung-Zeil-Gabriel-Heubisch-Leich_Fuchs.jpg 1600w\" sizes=\"auto, (max-width: 300px) 100vw, 300px\" \/><\/a><br \/>\nMit Wirtschaftsminister <a href=\"http:\/\/www.martin-zeil.de\" target=\"_blank\">Martin Zeil<\/a> (im Foto links), Wissenschaftsminister Dr. <a href=\"http:\/\/www.wolfgang-heubisch.de\" target=\"_blank\">Wolfgang Heubisch<\/a> (3.v.l.) und Finanzminister Dr. <a href=\"http:\/\/www.soeder.de\" target=\"_blank\">Markus S\u00f6der<\/a> sprachen drei bayerische Staatsminister zur offiziellen Er\u00f6ffnung des <a href=\"http:\/\/www.encn.de\/\" target=\"_blank\">Energie Campus N\u00fcrnberg<\/a>. Wissend um gegenseitige Animosit\u00e4ten bezeichnete S\u00f6der das Leuchtturmprojekt der Energieforschung als \u201eVers\u00f6hnungsprojekt von N\u00fcrnberg und F\u00fcrth sowie von Uni und Ohm-Hochschule\u201c. Vom Freistaat bis 2016 mit 50 Millionen Euro gef\u00f6rdert entstehen auf rund 5800 Quadratmetern Fl\u00e4che Arbeitspl\u00e4tze f\u00fcr etwa 150 Forscher. Auch Kulturidee-Gesch\u00e4ftsf\u00fchrer <a href=\"http:\/\/www.kulturidee.de\/typo3\/agentur\/koepfe\/\" target=\"_blank\">Ralf Gabriel<\/a> (2.v.l.) war zum Start gekommen. (Foto: Kurt Fuchs\/EnCN)<\/p>\n","protected":false},"excerpt":{"rendered":"<p>Mit Wirtschaftsminister Martin Zeil (im Foto links), Wissenschaftsminister Dr. Wolfgang Heubisch (3.v.l.) und Finanzminister Dr. Markus S\u00f6der sprachen drei bayerische Staatsminister zur offiziellen Er\u00f6ffnung des Energie Campus N\u00fcrnberg. Wissend um gegenseitige Animosit\u00e4ten bezeichnete S\u00f6der das Leuchtturmprojekt der Energieforschung als \u201eVers\u00f6hnungsprojekt &hellip; <a href=\"https:\/\/www.pl-visit.net\/wordpress\/?p=309\">Weiterlesen <span class=\"meta-nav\">&rarr;<\/span><\/a><\/p>\n","protected":false},"author":1,"featured_media":0,"comment_status":"open","ping_status":"open","sticky":false,"template":"","format":"standard","meta":{"footnotes":""},"categories":[39,29],"tags":[],"class_list":["post-309","post","type-post","status-publish","format-standard","hentry","category-hochschulen","category-wissenschaft"],"_links":{"self":[{"href":"https:\/\/www.pl-visit.net\/wordpress\/index.php?rest_route=\/wp\/v2\/posts\/309","targetHints":{"allow":["GET"]}}],"collection":[{"href":"https:\/\/www.pl-visit.net\/wordpress\/index.php?rest_route=\/wp\/v2\/posts"}],"about":[{"href":"https:\/\/www.pl-visit.net\/wordpress\/index.php?rest_route=\/wp\/v2\/types\/post"}],"author":[{"embeddable":true,"href":"https:\/\/www.pl-visit.net\/wordpress\/index.php?rest_route=\/wp\/v2\/users\/1"}],"replies":[{"embeddable":true,"href":"https:\/\/www.pl-visit.net\/wordpress\/index.php?rest_route=%2Fwp%2Fv2%2Fcomments&post=309"}],"version-history":[{"count":2,"href":"https:\/\/www.pl-visit.net\/wordpress\/index.php?rest_route=\/wp\/v2\/posts\/309\/revisions"}],"predecessor-version":[{"id":312,"href":"https:\/\/www.pl-visit.net\/wordpress\/index.php?rest_route=\/wp\/v2\/posts\/309\/revisions\/312"}],"wp:attachment":[{"href":"https:\/\/www.pl-visit.net\/wordpress\/index.php?rest_route=%2Fwp%2Fv2%2Fmedia&parent=309"}],"wp:term":[{"taxonomy":"category","embeddable":true,"href":"https:\/\/www.pl-visit.net\/wordpress\/index.php?rest_route=%2Fwp%2Fv2%2Fcategories&post=309"},{"taxonomy":"post_tag","embeddable":true,"href":"https:\/\/www.pl-visit.net\/wordpress\/index.php?rest_route=%2Fwp%2Fv2%2Ftags&post=309"}],"curies":[{"name":"wp","href":"https:\/\/api.w.org\/{rel}","templated":true}]}}