{"id":190,"date":"2012-12-11T16:00:12","date_gmt":"2012-12-11T15:00:12","guid":{"rendered":"http:\/\/www.pl-visit.net\/wordpress\/?p=190"},"modified":"2012-12-23T16:57:36","modified_gmt":"2012-12-23T15:57:36","slug":"brot-und-salz-fur-emn","status":"publish","type":"post","link":"https:\/\/www.pl-visit.net\/wordpress\/?p=190","title":{"rendered":"Brot und Salz f\u00fcr EMN"},"content":{"rendered":"<p><a href=\"https:\/\/www.pl-visit.net\/wordpress\/wp-content\/uploads\/2012\/12\/Balleis-vVopelius-Standecker-Leich-Denzler-W\u00fcbbenhorst.jpg\"><img loading=\"lazy\" decoding=\"async\" class=\"alignnone size-medium wp-image-191\" title=\"Balleis-vVopelius-Standecker-Leich-Denzler-W\u00fcbbenhorst\" src=\"https:\/\/www.pl-visit.net\/wordpress\/wp-content\/uploads\/2012\/12\/Balleis-vVopelius-Standecker-Leich-Denzler-W\u00fcbbenhorst-300x245.jpg\" alt=\"\" width=\"300\" height=\"245\" srcset=\"https:\/\/www.pl-visit.net\/wordpress\/wp-content\/uploads\/2012\/12\/Balleis-vVopelius-Standecker-Leich-Denzler-W\u00fcbbenhorst-300x245.jpg 300w, https:\/\/www.pl-visit.net\/wordpress\/wp-content\/uploads\/2012\/12\/Balleis-vVopelius-Standecker-Leich-Denzler-W\u00fcbbenhorst-1024x838.jpg 1024w, https:\/\/www.pl-visit.net\/wordpress\/wp-content\/uploads\/2012\/12\/Balleis-vVopelius-Standecker-Leich-Denzler-W\u00fcbbenhorst-366x300.jpg 366w, https:\/\/www.pl-visit.net\/wordpress\/wp-content\/uploads\/2012\/12\/Balleis-vVopelius-Standecker-Leich-Denzler-W\u00fcbbenhorst.jpg 1800w\" sizes=\"auto, (max-width: 300px) 100vw, 300px\" \/><br \/>\n<\/a>Brot und Salz gab es f\u00fcr Dr. Christa Standecker (im Foto) zur Neuer\u00f6ffnung der <a href=\"http:\/\/www.metropolregionnuernberg.de\/organisation\/geschaeftsstelle.html\" target=\"_blank\">Gesch\u00e4ftstelle<\/a> der Europ\u00e4ischen Metropolregion N\u00fcrnberg im sechsten Stock des Wirtschaftsrathauses unterhalb der Kaiserburg. Damit sind nun alle Kr\u00e4fte unter einem Dach und es gab ermunternde Worte vom Ratsvorsitzenden OBM Dr. <a href=\"http:\/\/www.balleis.de\" target=\"_blank\">Siegfried Balleis<\/a> (links), seinem Stellvertreter Landrat Dr. G\u00fcnther Denzler (2. v.r.) und dem Vorstandvorsitzenden des Marketingvereins, Prof. Dr. Klaus L. W\u00fcbbenhorst (rechts), der nach drei humorvollen W\u00fcnschen befragt ein \u201ev\u00f6llig ernstgemeintes\u201c Anliegen vorbringen wollte: \u201eDie Kaffeemaschine muss immer laufen!\u201c. Unter den ersten Gratulanten IHK-Pr\u00e4sident <a href=\"http:\/\/www.ihk-nuernberg.de\/de\/wir-ueber-uns\/Aufbau-Struktur\/Ehrenamt\/Praesidium\/Praesident.html\" target=\"_blank\">Dirk von Vopelius<\/a> (2. v.l.). (Foto: Verena Lindner)<\/p>\n","protected":false},"excerpt":{"rendered":"<p>Brot und Salz gab es f\u00fcr Dr. Christa Standecker (im Foto) zur Neuer\u00f6ffnung der Gesch\u00e4ftstelle der Europ\u00e4ischen Metropolregion N\u00fcrnberg im sechsten Stock des Wirtschaftsrathauses unterhalb der Kaiserburg. Damit sind nun alle Kr\u00e4fte unter einem Dach und es gab ermunternde Worte &hellip; <a href=\"https:\/\/www.pl-visit.net\/wordpress\/?p=190\">Weiterlesen <span class=\"meta-nav\">&rarr;<\/span><\/a><\/p>\n","protected":false},"author":1,"featured_media":0,"comment_status":"open","ping_status":"open","sticky":false,"template":"","format":"standard","meta":{"footnotes":""},"categories":[1],"tags":[31],"class_list":["post-190","post","type-post","status-publish","format-standard","hentry","category-allgemein","tag-metropolregion-nurnberg"],"_links":{"self":[{"href":"https:\/\/www.pl-visit.net\/wordpress\/index.php?rest_route=\/wp\/v2\/posts\/190","targetHints":{"allow":["GET"]}}],"collection":[{"href":"https:\/\/www.pl-visit.net\/wordpress\/index.php?rest_route=\/wp\/v2\/posts"}],"about":[{"href":"https:\/\/www.pl-visit.net\/wordpress\/index.php?rest_route=\/wp\/v2\/types\/post"}],"author":[{"embeddable":true,"href":"https:\/\/www.pl-visit.net\/wordpress\/index.php?rest_route=\/wp\/v2\/users\/1"}],"replies":[{"embeddable":true,"href":"https:\/\/www.pl-visit.net\/wordpress\/index.php?rest_route=%2Fwp%2Fv2%2Fcomments&post=190"}],"version-history":[{"count":5,"href":"https:\/\/www.pl-visit.net\/wordpress\/index.php?rest_route=\/wp\/v2\/posts\/190\/revisions"}],"predecessor-version":[{"id":193,"href":"https:\/\/www.pl-visit.net\/wordpress\/index.php?rest_route=\/wp\/v2\/posts\/190\/revisions\/193"}],"wp:attachment":[{"href":"https:\/\/www.pl-visit.net\/wordpress\/index.php?rest_route=%2Fwp%2Fv2%2Fmedia&parent=190"}],"wp:term":[{"taxonomy":"category","embeddable":true,"href":"https:\/\/www.pl-visit.net\/wordpress\/index.php?rest_route=%2Fwp%2Fv2%2Fcategories&post=190"},{"taxonomy":"post_tag","embeddable":true,"href":"https:\/\/www.pl-visit.net\/wordpress\/index.php?rest_route=%2Fwp%2Fv2%2Ftags&post=190"}],"curies":[{"name":"wp","href":"https:\/\/api.w.org\/{rel}","templated":true}]}}