{"id":144,"date":"2012-11-16T13:15:09","date_gmt":"2012-11-16T11:15:09","guid":{"rendered":"http:\/\/www.pl-visit.net\/wordpress\/?p=144"},"modified":"2012-12-23T17:00:43","modified_gmt":"2012-12-23T16:00:43","slug":"energie-campus-pramiiert","status":"publish","type":"post","link":"https:\/\/www.pl-visit.net\/wordpress\/?p=144","title":{"rendered":"Energie Campus pr\u00e4miiert"},"content":{"rendered":"<p><a href=\"https:\/\/www.pl-visit.net\/wordpress\/wp-content\/uploads\/2012\/11\/EnCN-Gsell-Arlt-Hauch-Leich.jpg\"><img loading=\"lazy\" decoding=\"async\" class=\"alignnone size-medium wp-image-145\" title=\"EnCN-Gsell-Arlt-Hauch-Leich\" src=\"https:\/\/www.pl-visit.net\/wordpress\/wp-content\/uploads\/2012\/11\/EnCN-Gsell-Arlt-Hauch-Leich-300x201.jpg\" alt=\"\" width=\"300\" height=\"201\" srcset=\"https:\/\/www.pl-visit.net\/wordpress\/wp-content\/uploads\/2012\/11\/EnCN-Gsell-Arlt-Hauch-Leich-300x201.jpg 300w, https:\/\/www.pl-visit.net\/wordpress\/wp-content\/uploads\/2012\/11\/EnCN-Gsell-Arlt-Hauch-Leich-1024x687.jpg 1024w, https:\/\/www.pl-visit.net\/wordpress\/wp-content\/uploads\/2012\/11\/EnCN-Gsell-Arlt-Hauch-Leich-446x300.jpg 446w\" sizes=\"auto, (max-width: 300px) 100vw, 300px\" \/><br \/>\n<\/a>Der <a href=\"http:\/\/www.encn.de\/\" target=\"_blank\">Energie Campus N\u00fcrnberg<\/a> war Ort im Land der Ideen und pr\u00e4sentierte sich mit Vortr\u00e4gen und einer Ausstellung auf AEG. Den Preis nahmen EnCN-Sprecher Prof. Dr. <a href=\"http:\/\/www.tvt.cbi.uni-erlangen.de\/\" target=\"_blank\">Wolfgang Arlt<\/a> und Gesch\u00e4ftsf\u00fchrer Dr. Jens Hauch (im Foto in der Mitte) entgegen. Arlt versprach der Staatsregierung wie der Bev\u00f6lkerung CO2-arme, kosteng\u00fcnstige und sichere L\u00f6sungen. An den St\u00e4nden traf ich Prof. Dr. <a href=\"http:\/\/www.ohm-hochschule.de\/seitenbaum\/fakultaeten\/werkstofftechnik\/personen\/professoren\/4\/page.html\" target=\"_blank\">Wolfgang Kr\u010dmar<\/a>, der die W\u00e4rmeisolation gew\u00f6hnlicher Ziegel durch eine Beschichtung betr\u00e4chtlich steigerte und B\u00fcrgermeister Dr. <a href=\"http:\/\/www.nuernberg.de\/internet\/portal\/buerger\/gsell.html\" target=\"_blank\">Klemens Gsell<\/a> (links), der ein Gru\u00dfwort sprach. (Foto: Ralf Gabriel)<\/p>\n","protected":false},"excerpt":{"rendered":"<p>Der Energie Campus N\u00fcrnberg war Ort im Land der Ideen und pr\u00e4sentierte sich mit Vortr\u00e4gen und einer Ausstellung auf AEG. Den Preis nahmen EnCN-Sprecher Prof. Dr. Wolfgang Arlt und Gesch\u00e4ftsf\u00fchrer Dr. Jens Hauch (im Foto in der Mitte) entgegen. Arlt &hellip; <a href=\"https:\/\/www.pl-visit.net\/wordpress\/?p=144\">Weiterlesen <span class=\"meta-nav\">&rarr;<\/span><\/a><\/p>\n","protected":false},"author":1,"featured_media":0,"comment_status":"open","ping_status":"open","sticky":false,"template":"","format":"standard","meta":{"footnotes":""},"categories":[39,29],"tags":[50],"class_list":["post-144","post","type-post","status-publish","format-standard","hentry","category-hochschulen","category-wissenschaft","tag-energie-campus-nurnberg"],"_links":{"self":[{"href":"https:\/\/www.pl-visit.net\/wordpress\/index.php?rest_route=\/wp\/v2\/posts\/144","targetHints":{"allow":["GET"]}}],"collection":[{"href":"https:\/\/www.pl-visit.net\/wordpress\/index.php?rest_route=\/wp\/v2\/posts"}],"about":[{"href":"https:\/\/www.pl-visit.net\/wordpress\/index.php?rest_route=\/wp\/v2\/types\/post"}],"author":[{"embeddable":true,"href":"https:\/\/www.pl-visit.net\/wordpress\/index.php?rest_route=\/wp\/v2\/users\/1"}],"replies":[{"embeddable":true,"href":"https:\/\/www.pl-visit.net\/wordpress\/index.php?rest_route=%2Fwp%2Fv2%2Fcomments&post=144"}],"version-history":[{"count":2,"href":"https:\/\/www.pl-visit.net\/wordpress\/index.php?rest_route=\/wp\/v2\/posts\/144\/revisions"}],"predecessor-version":[{"id":230,"href":"https:\/\/www.pl-visit.net\/wordpress\/index.php?rest_route=\/wp\/v2\/posts\/144\/revisions\/230"}],"wp:attachment":[{"href":"https:\/\/www.pl-visit.net\/wordpress\/index.php?rest_route=%2Fwp%2Fv2%2Fmedia&parent=144"}],"wp:term":[{"taxonomy":"category","embeddable":true,"href":"https:\/\/www.pl-visit.net\/wordpress\/index.php?rest_route=%2Fwp%2Fv2%2Fcategories&post=144"},{"taxonomy":"post_tag","embeddable":true,"href":"https:\/\/www.pl-visit.net\/wordpress\/index.php?rest_route=%2Fwp%2Fv2%2Ftags&post=144"}],"curies":[{"name":"wp","href":"https:\/\/api.w.org\/{rel}","templated":true}]}}